{"id":54651,"date":"2026-09-02T17:48:34","date_gmt":"2026-09-02T21:48:34","guid":{"rendered":"https:\/\/www.haiti-reference.info\/pages\/?p=54651"},"modified":"2026-09-02T21:32:31","modified_gmt":"2026-09-03T01:32:31","slug":"pierre-damas-bel","status":"publish","type":"post","link":"https:\/\/www.haiti-reference.info\/pages\/2026\/09\/02\/pierre-damas-bel\/","title":{"rendered":"Le cas de Pierre Damas Bel"},"content":{"rendered":"<div class=\"justify\"><img decoding=\"async\" class=\"img_border alignleft\" src=\"\/pages\/wp-content\/uploads\/2026\/09\/PierreDamasBel.jpg\" alt=\"\" width=\"250\" \/>Avant d\u2019aborder le cas de Pierre Damas Bel, ce jeune compatriote tragiquement disparu au seuil de sa vie adulte, Nous voulons prendre un moment pour exprimer nos sinc\u00e8res condol\u00e9ances \u00e0 sa famille, profond\u00e9ment \u00e9prouv\u00e9e par cette perte.<\/p>\n<p>Pierre Damas Bel, jeune Ha\u00eftien \u00e2g\u00e9 de vingt ans, \u00e9tait un \u00e9tudiant prometteur install\u00e9 aux \u00c9tats Unis depuis quelques ann\u00e9es. La d\u00e9cision du gouvernement am\u00e9ricain de mettre fin au statut humanitaire connu sous le nom de Temporaire Protected Status (TPS) a entra\u00een\u00e9 la cessation de la protection dont b\u00e9n\u00e9ficiaient de nombreux ressortissants ha\u00eftiens. Cette mesure a eu pour effet de pr\u00e9cariser la situation migratoire de Pierre, alors \u00e2g\u00e9 de vingt et un an, le pla\u00e7ant dans une position administrative particuli\u00e8rement vuln\u00e9rable.<!--more--><\/p>\n<p>\u00c0 la suite de la perte de son statut l\u00e9gal, les services de l\u2019Immigration and Customs Enforcement (ICE) lui ont impos\u00e9 le port d\u2019un bracelet \u00e9lectronique, dispositif qu\u2019il percevait comme une atteinte grave \u00e0 sa dignit\u00e9 et \u00e0 son int\u00e9grit\u00e9 personnelle. Selon ses proches, cette mesure de surveillance a contribu\u00e9 \u00e0 accentuer son sentiment de stigmatisation et son \u00e9tat de d\u00e9tresse psychologique.<\/p>\n<p>Le 31 ao\u00fbt 2026, alors qu\u2019il se trouvait dans une situation de profonde souffrance mentale, Pierre Damas Bel s\u2019est engag\u00e9 sur une autoroute \u00e0 Springfield, dans l\u2019\u00c9tat de l\u2019Ohio, o\u00f9 il a \u00e9t\u00e9 mortellement percut\u00e9 par un camion. Sa famille, ainsi que plusieurs organisations de d\u00e9fense des droits des migrants, interpr\u00e8tent cet \u00e9v\u00e9nement comme un suicide directement li\u00e9 au stress migratoire et aux pressions exerc\u00e9es par les dispositifs de contr\u00f4le auxquels il \u00e9tait soumis.<\/p>\n<p>L\u2019histoire de Pierre Damas Bel est d\u00e9sormais embl\u00e9matique des difficult\u00e9s structurelles auxquelles sont confront\u00e9s les migrants ha\u00eftiens aux \u00c9tats Unis. Elle met en lumi\u00e8re les effets psychologiques d\u00e9l\u00e9t\u00e8res que peuvent engendrer certaines politiques migratoires, notamment lorsqu\u2019elles associent pr\u00e9carit\u00e9 administrative, surveillance coercitive et absence de perspectives de r\u00e9gularisation.\n<\/p><\/div>\n<p>Haiti-R\u00e9f\u00e9rence<\/p>\n","protected":false},"excerpt":{"rendered":"<p>Pierre Damas Bel fut un jeune \u00e9tudiant ha\u00eftien \u00e9chou\u00e9 aux \u00c9tats Unis, qui avait perdu son statut TPS et a \u00e9t\u00e9 plac\u00e9 sous surveillance \u00e9lectronique par l\u2019ICE. Cette situation, v\u00e9cue comme une humiliation, suscita chez lui une d\u00e9tresse psychologique. On attribua sa mort survenue le 31 ao\u00fbt 2026, sur une autoroute \u00e0 Springfield (Ohio) \u00e0 un suicide d\u00fb au stress migratoire. Son histoire devint un symbole des effets psychologiques des politiques de contr\u00f4le sur les migrants ha\u00eftiens vivant aux \u00c9tats-Unis.<\/p>\n","protected":false},"author":1,"featured_media":0,"comment_status":"closed","ping_status":"closed","sticky":false,"template":"","format":"standard","meta":{"footnotes":""},"categories":[28,32],"tags":[786],"class_list":["post-54651","post","type-post","status-publish","format-standard","hentry","category-diaspora-haitienne","category-necrologie","tag-haiti-reference"],"yoast_head":"<!-- This site is optimized with the Yoast SEO plugin v28.4 - https:\/\/yoast.com\/product\/yoast-seo-wordpress\/ -->\n<title>Le cas de Pierre Damas Bel &#187; Haiti-R\u00e9f\u00e9rence<\/title>\n<meta name=\"robots\" content=\"index, follow, max-snippet:-1, max-image-preview:large, max-video-preview:-1\" \/>\n<link rel=\"canonical\" href=\"https:\/\/www.haiti-reference.info\/pages\/2026\/09\/02\/pierre-damas-bel\/\" \/>\n<meta property=\"og:locale\" content=\"fr_CA\" \/>\n<meta property=\"og:type\" content=\"article\" \/>\n<meta property=\"og:title\" content=\"Le cas de Pierre Damas Bel &#187; Haiti-R\u00e9f\u00e9rence\" \/>\n<meta property=\"og:description\" content=\"Pierre Damas Bel fut un jeune \u00e9tudiant ha\u00eftien \u00e9chou\u00e9 aux \u00c9tats Unis, qui avait perdu son statut TPS et a \u00e9t\u00e9 plac\u00e9 sous surveillance \u00e9lectronique par l\u2019ICE. Cette situation, v\u00e9cue comme une humiliation, suscita chez lui une d\u00e9tresse psychologique. On attribua sa mort survenue le 31 ao\u00fbt 2026, sur une autoroute \u00e0 Springfield (Ohio) \u00e0 un suicide d\u00fb au stress migratoire. Son histoire devint un symbole des effets psychologiques des politiques de contr\u00f4le sur les migrants ha\u00eftiens vivant aux \u00c9tats-Unis.\" \/>\n<meta property=\"og:url\" content=\"https:\/\/www.haiti-reference.info\/pages\/2026\/09\/02\/pierre-damas-bel\/\" \/>\n<meta property=\"og:site_name\" content=\"Haiti-R\u00e9f\u00e9rence\" \/>\n<meta property=\"article:published_time\" content=\"2026-09-02T21:48:34+00:00\" \/>\n<meta property=\"article:modified_time\" content=\"2026-09-03T01:32:31+00:00\" \/>\n<meta name=\"author\" content=\"Haiti-Reference\" \/>\n<meta name=\"twitter:card\" content=\"summary_large_image\" \/>\n<meta name=\"twitter:label1\" content=\"\u00c9crit par\" \/>\n\t<meta name=\"twitter:data1\" content=\"Haiti-Reference\" \/>\n\t<meta name=\"twitter:label2\" content=\"Estimation du temps de lecture\" \/>\n\t<meta name=\"twitter:data2\" content=\"2 minutes\" \/>\n<script type=\"application\/ld+json\" class=\"yoast-schema-graph\">{\"@context\":\"https:\\\/\\\/schema.org\",\"@graph\":[{\"@type\":\"Article\",\"@id\":\"https:\\\/\\\/www.haiti-reference.info\\\/pages\\\/2026\\\/09\\\/02\\\/pierre-damas-bel\\\/#article\",\"isPartOf\":{\"@id\":\"https:\\\/\\\/www.haiti-reference.info\\\/pages\\\/2026\\\/09\\\/02\\\/pierre-damas-bel\\\/\"},\"author\":{\"name\":\"Haiti-Reference\",\"@id\":\"https:\\\/\\\/www.haiti-reference.info\\\/pages\\\/#\\\/schema\\\/person\\\/1836a2d51dedbda7a5abefec7fd5d126\"},\"headline\":\"Le cas de Pierre Damas Bel\",\"datePublished\":\"2026-09-02T21:48:34+00:00\",\"dateModified\":\"2026-09-03T01:32:31+00:00\",\"mainEntityOfPage\":{\"@id\":\"https:\\\/\\\/www.haiti-reference.info\\\/pages\\\/2026\\\/09\\\/02\\\/pierre-damas-bel\\\/\"},\"wordCount\":348,\"publisher\":{\"@id\":\"https:\\\/\\\/www.haiti-reference.info\\\/pages\\\/#organization\"},\"keywords\":[\"Haiti-R\u00e9f\u00e9rence\"],\"articleSection\":[\"Diaspora haitienne\",\"N\u00e9crologie\"],\"inLanguage\":\"fr-CA\"},{\"@type\":\"WebPage\",\"@id\":\"https:\\\/\\\/www.haiti-reference.info\\\/pages\\\/2026\\\/09\\\/02\\\/pierre-damas-bel\\\/\",\"url\":\"https:\\\/\\\/www.haiti-reference.info\\\/pages\\\/2026\\\/09\\\/02\\\/pierre-damas-bel\\\/\",\"name\":\"Le cas de Pierre Damas Bel &#187; Haiti-R\u00e9f\u00e9rence\",\"isPartOf\":{\"@id\":\"https:\\\/\\\/www.haiti-reference.info\\\/pages\\\/#website\"},\"datePublished\":\"2026-09-02T21:48:34+00:00\",\"dateModified\":\"2026-09-03T01:32:31+00:00\",\"breadcrumb\":{\"@id\":\"https:\\\/\\\/www.haiti-reference.info\\\/pages\\\/2026\\\/09\\\/02\\\/pierre-damas-bel\\\/#breadcrumb\"},\"inLanguage\":\"fr-CA\",\"potentialAction\":[{\"@type\":\"ReadAction\",\"target\":[\"https:\\\/\\\/www.haiti-reference.info\\\/pages\\\/2026\\\/09\\\/02\\\/pierre-damas-bel\\\/\"]}]},{\"@type\":\"BreadcrumbList\",\"@id\":\"https:\\\/\\\/www.haiti-reference.info\\\/pages\\\/2026\\\/09\\\/02\\\/pierre-damas-bel\\\/#breadcrumb\",\"itemListElement\":[{\"@type\":\"ListItem\",\"position\":1,\"name\":\"Accueil\",\"item\":\"https:\\\/\\\/www.haiti-reference.info\\\/pages\\\/\"},{\"@type\":\"ListItem\",\"position\":2,\"name\":\"Le cas de Pierre Damas Bel\"}]},{\"@type\":\"WebSite\",\"@id\":\"https:\\\/\\\/www.haiti-reference.info\\\/pages\\\/#website\",\"url\":\"https:\\\/\\\/www.haiti-reference.info\\\/pages\\\/\",\"name\":\"Haiti-R\u00e9f\u00e9rence\",\"description\":\"Un guide de r\u00e9f\u00e9rence\",\"publisher\":{\"@id\":\"https:\\\/\\\/www.haiti-reference.info\\\/pages\\\/#organization\"},\"potentialAction\":[{\"@type\":\"SearchAction\",\"target\":{\"@type\":\"EntryPoint\",\"urlTemplate\":\"https:\\\/\\\/www.haiti-reference.info\\\/pages\\\/?s={search_term_string}\"},\"query-input\":{\"@type\":\"PropertyValueSpecification\",\"valueRequired\":true,\"valueName\":\"search_term_string\"}}],\"inLanguage\":\"fr-CA\"},{\"@type\":\"Organization\",\"@id\":\"https:\\\/\\\/www.haiti-reference.info\\\/pages\\\/#organization\",\"name\":\"Haiti-R\u00e9f\u00e9rence\",\"url\":\"https:\\\/\\\/www.haiti-reference.info\\\/pages\\\/\",\"logo\":{\"@type\":\"ImageObject\",\"inLanguage\":\"fr-CA\",\"@id\":\"https:\\\/\\\/www.haiti-reference.info\\\/pages\\\/#\\\/schema\\\/logo\\\/image\\\/\",\"url\":\"https:\\\/\\\/www.haiti-reference.info\\\/pages\\\/wp-content\\\/uploads\\\/2016\\\/04\\\/cropped-cropped-logo_201604-8-1.png\",\"contentUrl\":\"https:\\\/\\\/www.haiti-reference.info\\\/pages\\\/wp-content\\\/uploads\\\/2016\\\/04\\\/cropped-cropped-logo_201604-8-1.png\",\"width\":338,\"height\":87,\"caption\":\"Haiti-R\u00e9f\u00e9rence\"},\"image\":{\"@id\":\"https:\\\/\\\/www.haiti-reference.info\\\/pages\\\/#\\\/schema\\\/logo\\\/image\\\/\"},\"sameAs\":[\"https:\\\/\\\/bsky.app\\\/profile\\\/haiti-reference.bsky.social\"]},{\"@type\":\"Person\",\"@id\":\"https:\\\/\\\/www.haiti-reference.info\\\/pages\\\/#\\\/schema\\\/person\\\/1836a2d51dedbda7a5abefec7fd5d126\",\"name\":\"Haiti-Reference\",\"image\":{\"@type\":\"ImageObject\",\"inLanguage\":\"fr-CA\",\"@id\":\"https:\\\/\\\/secure.gravatar.com\\\/avatar\\\/9b11d07f29649732ac94152597644974680b48609e6bb45f06ea787552d2520c?s=96&d=mm&r=g\",\"url\":\"https:\\\/\\\/secure.gravatar.com\\\/avatar\\\/9b11d07f29649732ac94152597644974680b48609e6bb45f06ea787552d2520c?s=96&d=mm&r=g\",\"contentUrl\":\"https:\\\/\\\/secure.gravatar.com\\\/avatar\\\/9b11d07f29649732ac94152597644974680b48609e6bb45f06ea787552d2520c?s=96&d=mm&r=g\",\"caption\":\"Haiti-Reference\"},\"description\":\"Biblioth\u00e9caire de r\u00e9f\u00e9rence avec une bonne ma\u00eetrise de la culture et de l'histoire d'Haiti.\",\"sameAs\":[\"https:\\\/\\\/www.haiti-reference.com\\\/\"],\"url\":\"https:\\\/\\\/www.haiti-reference.info\\\/pages\\\/author\\\/jeanantoine19\\\/\"}]}<\/script>\n<!-- \/ Yoast SEO plugin. -->","yoast_head_json":{"title":"Le cas de Pierre Damas Bel &#187; Haiti-R\u00e9f\u00e9rence","robots":{"index":"index","follow":"follow","max-snippet":"max-snippet:-1","max-image-preview":"max-image-preview:large","max-video-preview":"max-video-preview:-1"},"canonical":"https:\/\/www.haiti-reference.info\/pages\/2026\/09\/02\/pierre-damas-bel\/","og_locale":"fr_CA","og_type":"article","og_title":"Le cas de Pierre Damas Bel &#187; Haiti-R\u00e9f\u00e9rence","og_description":"Pierre Damas Bel fut un jeune \u00e9tudiant ha\u00eftien \u00e9chou\u00e9 aux \u00c9tats Unis, qui avait perdu son statut TPS et a \u00e9t\u00e9 plac\u00e9 sous surveillance \u00e9lectronique par l\u2019ICE. Cette situation, v\u00e9cue comme une humiliation, suscita chez lui une d\u00e9tresse psychologique. On attribua sa mort survenue le 31 ao\u00fbt 2026, sur une autoroute \u00e0 Springfield (Ohio) \u00e0 un suicide d\u00fb au stress migratoire. Son histoire devint un symbole des effets psychologiques des politiques de contr\u00f4le sur les migrants ha\u00eftiens vivant aux \u00c9tats-Unis.","og_url":"https:\/\/www.haiti-reference.info\/pages\/2026\/09\/02\/pierre-damas-bel\/","og_site_name":"Haiti-R\u00e9f\u00e9rence","article_published_time":"2026-09-02T21:48:34+00:00","article_modified_time":"2026-09-03T01:32:31+00:00","author":"Haiti-Reference","twitter_card":"summary_large_image","twitter_misc":{"\u00c9crit par":"Haiti-Reference","Estimation du temps de lecture":"2 minutes"},"schema":{"@context":"https:\/\/schema.org","@graph":[{"@type":"Article","@id":"https:\/\/www.haiti-reference.info\/pages\/2026\/09\/02\/pierre-damas-bel\/#article","isPartOf":{"@id":"https:\/\/www.haiti-reference.info\/pages\/2026\/09\/02\/pierre-damas-bel\/"},"author":{"name":"Haiti-Reference","@id":"https:\/\/www.haiti-reference.info\/pages\/#\/schema\/person\/1836a2d51dedbda7a5abefec7fd5d126"},"headline":"Le cas de Pierre Damas Bel","datePublished":"2026-09-02T21:48:34+00:00","dateModified":"2026-09-03T01:32:31+00:00","mainEntityOfPage":{"@id":"https:\/\/www.haiti-reference.info\/pages\/2026\/09\/02\/pierre-damas-bel\/"},"wordCount":348,"publisher":{"@id":"https:\/\/www.haiti-reference.info\/pages\/#organization"},"keywords":["Haiti-R\u00e9f\u00e9rence"],"articleSection":["Diaspora haitienne","N\u00e9crologie"],"inLanguage":"fr-CA"},{"@type":"WebPage","@id":"https:\/\/www.haiti-reference.info\/pages\/2026\/09\/02\/pierre-damas-bel\/","url":"https:\/\/www.haiti-reference.info\/pages\/2026\/09\/02\/pierre-damas-bel\/","name":"Le cas de Pierre Damas Bel &#187; Haiti-R\u00e9f\u00e9rence","isPartOf":{"@id":"https:\/\/www.haiti-reference.info\/pages\/#website"},"datePublished":"2026-09-02T21:48:34+00:00","dateModified":"2026-09-03T01:32:31+00:00","breadcrumb":{"@id":"https:\/\/www.haiti-reference.info\/pages\/2026\/09\/02\/pierre-damas-bel\/#breadcrumb"},"inLanguage":"fr-CA","potentialAction":[{"@type":"ReadAction","target":["https:\/\/www.haiti-reference.info\/pages\/2026\/09\/02\/pierre-damas-bel\/"]}]},{"@type":"BreadcrumbList","@id":"https:\/\/www.haiti-reference.info\/pages\/2026\/09\/02\/pierre-damas-bel\/#breadcrumb","itemListElement":[{"@type":"ListItem","position":1,"name":"Accueil","item":"https:\/\/www.haiti-reference.info\/pages\/"},{"@type":"ListItem","position":2,"name":"Le cas de Pierre Damas Bel"}]},{"@type":"WebSite","@id":"https:\/\/www.haiti-reference.info\/pages\/#website","url":"https:\/\/www.haiti-reference.info\/pages\/","name":"Haiti-R\u00e9f\u00e9rence","description":"Un guide de r\u00e9f\u00e9rence","publisher":{"@id":"https:\/\/www.haiti-reference.info\/pages\/#organization"},"potentialAction":[{"@type":"SearchAction","target":{"@type":"EntryPoint","urlTemplate":"https:\/\/www.haiti-reference.info\/pages\/?s={search_term_string}"},"query-input":{"@type":"PropertyValueSpecification","valueRequired":true,"valueName":"search_term_string"}}],"inLanguage":"fr-CA"},{"@type":"Organization","@id":"https:\/\/www.haiti-reference.info\/pages\/#organization","name":"Haiti-R\u00e9f\u00e9rence","url":"https:\/\/www.haiti-reference.info\/pages\/","logo":{"@type":"ImageObject","inLanguage":"fr-CA","@id":"https:\/\/www.haiti-reference.info\/pages\/#\/schema\/logo\/image\/","url":"https:\/\/www.haiti-reference.info\/pages\/wp-content\/uploads\/2016\/04\/cropped-cropped-logo_201604-8-1.png","contentUrl":"https:\/\/www.haiti-reference.info\/pages\/wp-content\/uploads\/2016\/04\/cropped-cropped-logo_201604-8-1.png","width":338,"height":87,"caption":"Haiti-R\u00e9f\u00e9rence"},"image":{"@id":"https:\/\/www.haiti-reference.info\/pages\/#\/schema\/logo\/image\/"},"sameAs":["https:\/\/bsky.app\/profile\/haiti-reference.bsky.social"]},{"@type":"Person","@id":"https:\/\/www.haiti-reference.info\/pages\/#\/schema\/person\/1836a2d51dedbda7a5abefec7fd5d126","name":"Haiti-Reference","image":{"@type":"ImageObject","inLanguage":"fr-CA","@id":"https:\/\/secure.gravatar.com\/avatar\/9b11d07f29649732ac94152597644974680b48609e6bb45f06ea787552d2520c?s=96&d=mm&r=g","url":"https:\/\/secure.gravatar.com\/avatar\/9b11d07f29649732ac94152597644974680b48609e6bb45f06ea787552d2520c?s=96&d=mm&r=g","contentUrl":"https:\/\/secure.gravatar.com\/avatar\/9b11d07f29649732ac94152597644974680b48609e6bb45f06ea787552d2520c?s=96&d=mm&r=g","caption":"Haiti-Reference"},"description":"Biblioth\u00e9caire de r\u00e9f\u00e9rence avec une bonne ma\u00eetrise de la culture et de l'histoire d'Haiti.","sameAs":["https:\/\/www.haiti-reference.com\/"],"url":"https:\/\/www.haiti-reference.info\/pages\/author\/jeanantoine19\/"}]}},"_links":{"self":[{"href":"https:\/\/www.haiti-reference.info\/pages\/wp-json\/wp\/v2\/posts\/54651","targetHints":{"allow":["GET"]}}],"collection":[{"href":"https:\/\/www.haiti-reference.info\/pages\/wp-json\/wp\/v2\/posts"}],"about":[{"href":"https:\/\/www.haiti-reference.info\/pages\/wp-json\/wp\/v2\/types\/post"}],"author":[{"embeddable":true,"href":"https:\/\/www.haiti-reference.info\/pages\/wp-json\/wp\/v2\/users\/1"}],"replies":[{"embeddable":true,"href":"https:\/\/www.haiti-reference.info\/pages\/wp-json\/wp\/v2\/comments?post=54651"}],"version-history":[{"count":3,"href":"https:\/\/www.haiti-reference.info\/pages\/wp-json\/wp\/v2\/posts\/54651\/revisions"}],"predecessor-version":[{"id":54661,"href":"https:\/\/www.haiti-reference.info\/pages\/wp-json\/wp\/v2\/posts\/54651\/revisions\/54661"}],"wp:attachment":[{"href":"https:\/\/www.haiti-reference.info\/pages\/wp-json\/wp\/v2\/media?parent=54651"}],"wp:term":[{"taxonomy":"category","embeddable":true,"href":"https:\/\/www.haiti-reference.info\/pages\/wp-json\/wp\/v2\/categories?post=54651"},{"taxonomy":"post_tag","embeddable":true,"href":"https:\/\/www.haiti-reference.info\/pages\/wp-json\/wp\/v2\/tags?post=54651"}],"curies":[{"name":"wp","href":"https:\/\/api.w.org\/{rel}","templated":true}]}}